{"id":776,"date":"2006-10-03T20:27:00","date_gmt":"2006-10-03T18:27:00","guid":{"rendered":"http:\/\/www.kay-x.net\/gmwp\/?p=776"},"modified":"2009-07-08T20:45:24","modified_gmt":"2009-07-08T18:45:24","slug":"mords-shorts","status":"publish","type":"post","link":"https:\/\/www.kay-x.net\/gmwp\/2006\/10\/03\/mords-shorts\/","title":{"rendered":"Mords-Shorts"},"content":{"rendered":"<p>Wenn ich mich nicht v\u00f6llig irre&#8230; Hey, ich hab nicht gesagt, ich sei v\u00f6llig irre. Das m\u00fcsste bewiesen werden. Also, dann w\u00e4re heute doch der Tag der Deutschen Beinfreiheit. Oder etwas in der Art. Also zur Erinnerung, dass alle Mauern guten Geschmacks nieder gerissen wurden und karierte, oberhalb des Knies aufh\u00f6rende Shorts ab sofort \u00fcberall getragen werden d\u00fcrfen. Nat\u00fcrlich nur, wenn sie mit Socken in Sandalen kombiniert werden und die Haut dazwischen das zarte Bleich von schimmelndem K\u00e4se aufweist. Ja, da kr\u00e4useln sich die Nackenhaare. Aber was ist schon guter Geschmack. Wer bestimmt, wor\u00fcber man sich aufregen darf und wor\u00fcber nicht? Ich nehme mir zwar die Freiheiten, \u00fcber optische Verbrechen zu mosern, die mich anspringen und mir Lanzen des Schmerzes via Seh- in die Gehirnnerven treiben. Aber das ist ja nur meine Meinung. Offensichtlich gibt es gen\u00fcgend Menschen, die in die Frisur geschobene Sonnenbrillen (auch bei Scheisswetter) voll in Ordnung finden. Typische Ausrede: &#8222;Ich hab grade keinen Haarreif dabei&#8220;.<\/p>\n<p>Nun mal ehrlich, wie viele haben sich eben wieder erkannt? Wusst ich es doch. Ist nicht jeder von uns ab und zu etwas blond? Ist nicht jeder von uns ab und zu etwas neben den Schuhen? Sollten einige nicht \u00f6fters neben den Schuhen sein, anstatt mit den h\u00e4sslichen Tretern das Stadtbild zu verw\u00fcsten? Wir alle sind doch gelegentlich nicht ganz dort, wo wir sein wollen. Mir kam es zumindest so vor, als ob ich seit Jahren auf einer Bank sitze und die Trends auf Inlinern an mir vorbeirollen und ich es jedesmal verpasse, aufzuspringen. Oder ich sprang zu fr\u00fch, war der Zeit voraus und bevor der Hype losging und ich h\u00e4tte Vorreiter sein k\u00f6nnen, tja, da verleidete es mir schon. Ich weiss, wie es ist, als erster an Riesenraves mit Kilt aufzutauchen und deswegen cool zu sein. Ich weiss auch, wie es ist, nicht jedes Weekend in Clubs zu h\u00e4ngen, weil ich Schlaf cool finde. Ende Szene.<\/p>\n<p>Ich weiss, wie es ist, einen Gothic verbal in d\u00fcsterste Tiefen zu torpedieren. Ich weiss auch, wie es ist, mit einem dunkelgrauen T-Shirt an einer Goth-Party doch noch als Aussenstehender aufzufallen. F\u00fcr In-Clubs bin ich nicht schleimig genug, um mit M\u00fceslifressern rumzuh\u00e4ngen ist mir deren Nahrung zu schleimig. Meine Inliner damals habe ich vor der Massenhysterie verkauft, weil man nirgends gescheit einen fahren lassen konnte. So in der Zusammenfassung gesehen geh\u00f6re ich eigentlich nirgends dazu. Entweder interessiert mich zu viel oder nichts richtig. Da hilft nur noch eines. In irgendeiner Kiste habe ich noch karierte Shorts. Ich gebe mich einfach als Deutscher aus. Nun gut, vielleicht bin ich doch irre. Aber das sollen andere entscheiden. Vielleicht kann ich ja das richtig gut.<\/p>\n<div class=\"music\">Aktuell im Ohr: Eighth Wonder &#8211; I&#8217;m Not Scared<\/div>\n","protected":false},"excerpt":{"rendered":"<p>Wenn ich mich nicht v\u00f6llig irre&#8230; Hey, ich hab nicht gesagt, ich sei v\u00f6llig irre. Das m\u00fcsste bewiesen werden. Also, dann w\u00e4re heute doch der Tag der Deutschen Beinfreiheit. Oder etwas in der Art. Also zur Erinnerung, dass alle Mauern guten Geschmacks nieder gerissen&#8230;<\/p>\n","protected":false},"author":2,"featured_media":0,"comment_status":"open","ping_status":"closed","sticky":false,"template":"","format":"standard","meta":{"jetpack_post_was_ever_published":false,"footnotes":""},"categories":[3],"tags":[],"class_list":["post-776","post","type-post","status-publish","format-standard","hentry","category-kuchenform"],"jetpack_featured_media_url":"","jetpack_shortlink":"https:\/\/wp.me\/pzLdb-cw","_links":{"self":[{"href":"https:\/\/www.kay-x.net\/gmwp\/wp-json\/wp\/v2\/posts\/776","targetHints":{"allow":["GET"]}}],"collection":[{"href":"https:\/\/www.kay-x.net\/gmwp\/wp-json\/wp\/v2\/posts"}],"about":[{"href":"https:\/\/www.kay-x.net\/gmwp\/wp-json\/wp\/v2\/types\/post"}],"author":[{"embeddable":true,"href":"https:\/\/www.kay-x.net\/gmwp\/wp-json\/wp\/v2\/users\/2"}],"replies":[{"embeddable":true,"href":"https:\/\/www.kay-x.net\/gmwp\/wp-json\/wp\/v2\/comments?post=776"}],"version-history":[{"count":2,"href":"https:\/\/www.kay-x.net\/gmwp\/wp-json\/wp\/v2\/posts\/776\/revisions"}],"predecessor-version":[{"id":899,"href":"https:\/\/www.kay-x.net\/gmwp\/wp-json\/wp\/v2\/posts\/776\/revisions\/899"}],"wp:attachment":[{"href":"https:\/\/www.kay-x.net\/gmwp\/wp-json\/wp\/v2\/media?parent=776"}],"wp:term":[{"taxonomy":"category","embeddable":true,"href":"https:\/\/www.kay-x.net\/gmwp\/wp-json\/wp\/v2\/categories?post=776"},{"taxonomy":"post_tag","embeddable":true,"href":"https:\/\/www.kay-x.net\/gmwp\/wp-json\/wp\/v2\/tags?post=776"}],"curies":[{"name":"wp","href":"https:\/\/api.w.org\/{rel}","templated":true}]}}