{"id":67,"date":"2002-06-17T14:13:30","date_gmt":"2002-06-17T12:13:30","guid":{"rendered":"http:\/\/www.kay-x.net\/gmwp\/?p=67"},"modified":"2009-08-24T16:19:15","modified_gmt":"2009-08-24T14:19:15","slug":"wann-wirds-mal-wieder-richtig","status":"publish","type":"post","link":"https:\/\/www.kay-x.net\/gmwp\/2002\/06\/17\/wann-wirds-mal-wieder-richtig\/","title":{"rendered":"Wann wird&#8217;s mal wieder richtig&#8230;"},"content":{"rendered":"<p>&#8230;SOMMER? Jetzt. Diesen Moment deklariere ich als Sommer. Plus die Tage davor und die paar, die noch kommen (also bis Donnerstag, danach soll&#8217;s wieder schiffen). Ungeachtet der Tatsache, dass gem\u00e4ss Kalender erst Ende Woche der Wechsel stattfindet (also nach Donnerstag, wenn&#8217;s wieder schifft), finde ich es JETZT sommerlich. Die Fr\u00fchlingsgef\u00fchle konnte ich grade noch rechtzeitig unters Dach fachen, so bekomme ich kein Durcheinander, was Wetter und Gef\u00fchl angeht. Hat das auch was mit Wetterf\u00fchligkeit zu tun oder war das doch was anderes? Oder ist Wetterf\u00fchligkeit dann, wenn die Migr\u00e4ne kommt, weil die Fr\u00fchlingsgef\u00fchle schon etwas l\u00e4nger her sind und &#8230; lassen wir das. Sommer. Temperaturen \u00fcber 30 Grad. Strahlende Sonne. Am See rumliegen und es gut gehen lassen. Bikini-Zeit. Nicht an elementare Dinge denken und sich einen massiven Sonnenbrand einfangen. Ich reflektiere grad ein paar sch\u00f6ne Sommer-Erinnerungen:<br \/>\nNew Orleans &#8211; Im Caf\u00c3\u00a9 de Paris h\u00e4ngen, Eiskaffee schl\u00fcrfen, Beignets futtern und ein paar Meter weiter sitzt ein urururalter schwarzer Jazzer und spielt den Blues. Stylish.<br \/>\nZ\u00fcrich &#8211; An der Street Parade am Seeufer im Schottenrock abhotten und einfach viel Spass mit Freunden haben. Wild.<br \/>\nAustralien &#8211; Im Nationalpark-Resort am Pool h\u00e4ngen, Cocktail schl\u00fcrfen und den hunderten bunten Papageien zugucken. Relaxing.<br \/>\nKanada &#8211; Auf dem weltgr\u00f6ssten Gletscherfeld durch Eis und Schnee h\u00fcpfen und die Aussicht auf viele Mehrtausender bewundern. Impressing.<br \/>\nOb wohl dieser kommende Sommer auch in die Annalen (nicht Analen, ihr Ferkel) eingehen wird?<\/p>\n<div class=\"music\">Aktuell im Ohr: Tanita Tikaram &#8211; f\u00e4llt mir grad nicht ein<\/div>\n","protected":false},"excerpt":{"rendered":"<p>&#8230;SOMMER? Jetzt. Diesen Moment deklariere ich als Sommer. Plus die Tage davor und die paar, die noch kommen (also bis Donnerstag, danach soll&#8217;s wieder schiffen). Ungeachtet der Tatsache, dass gem\u00e4ss Kalender erst Ende Woche der Wechsel stattfindet (also nach Donnerstag, wenn&#8217;s wieder schifft), finde&#8230;<\/p>\n","protected":false},"author":2,"featured_media":0,"comment_status":"open","ping_status":"closed","sticky":false,"template":"","format":"standard","meta":{"jetpack_post_was_ever_published":false,"footnotes":""},"categories":[3],"tags":[],"class_list":["post-67","post","type-post","status-publish","format-standard","hentry","category-kuchenform"],"jetpack_featured_media_url":"","jetpack_shortlink":"https:\/\/wp.me\/pzLdb-15","_links":{"self":[{"href":"https:\/\/www.kay-x.net\/gmwp\/wp-json\/wp\/v2\/posts\/67","targetHints":{"allow":["GET"]}}],"collection":[{"href":"https:\/\/www.kay-x.net\/gmwp\/wp-json\/wp\/v2\/posts"}],"about":[{"href":"https:\/\/www.kay-x.net\/gmwp\/wp-json\/wp\/v2\/types\/post"}],"author":[{"embeddable":true,"href":"https:\/\/www.kay-x.net\/gmwp\/wp-json\/wp\/v2\/users\/2"}],"replies":[{"embeddable":true,"href":"https:\/\/www.kay-x.net\/gmwp\/wp-json\/wp\/v2\/comments?post=67"}],"version-history":[{"count":2,"href":"https:\/\/www.kay-x.net\/gmwp\/wp-json\/wp\/v2\/posts\/67\/revisions"}],"predecessor-version":[{"id":980,"href":"https:\/\/www.kay-x.net\/gmwp\/wp-json\/wp\/v2\/posts\/67\/revisions\/980"}],"wp:attachment":[{"href":"https:\/\/www.kay-x.net\/gmwp\/wp-json\/wp\/v2\/media?parent=67"}],"wp:term":[{"taxonomy":"category","embeddable":true,"href":"https:\/\/www.kay-x.net\/gmwp\/wp-json\/wp\/v2\/categories?post=67"},{"taxonomy":"post_tag","embeddable":true,"href":"https:\/\/www.kay-x.net\/gmwp\/wp-json\/wp\/v2\/tags?post=67"}],"curies":[{"name":"wp","href":"https:\/\/api.w.org\/{rel}","templated":true}]}}