{"id":319,"date":"2003-01-09T16:32:28","date_gmt":"2003-01-09T14:32:28","guid":{"rendered":"http:\/\/www.kay-x.net\/gmwp\/?p=319"},"modified":"2003-01-09T16:32:28","modified_gmt":"2003-01-09T14:32:28","slug":"kalanderstander","status":"publish","type":"post","link":"https:\/\/www.kay-x.net\/gmwp\/2003\/01\/09\/kalanderstander\/","title":{"rendered":"Kal\u00e4nderst\u00e4nder"},"content":{"rendered":"<p>Ich muss nochmals kurz auf Weihnachten zur\u00fcck kommen. Beziehungsweise auf einen fr\u00fcheren Eintrag von mir, wo ich mich beschwert habe, dass die Kalender von FHM und MAXIM f\u00fcr 2003 irgendwie lasch sind. Nun hat sich das eine mir sehr nahestehende Person zu Herzen genommen (nachdem ich f\u00fcr jenen Eintrag so gegen 800 Milliarden Minuspunkte bekommen habe) und mir einen Kalender zu Weihnachten geschenkt. Einen guten. Einen RICHTIG guten. Ich habe von diesem Herrn Bitesnich (ein \u00d6sterreicher, wer hat sonst solche Namen?) bisher nichts geh\u00f6rt, werde aber sicher seine Bildb\u00e4nde in K\u00fcrze mein Eigen nennen. Der macht n\u00e4mlich ziemlich geile Schwarzweissfotos.<br \/>\n<img data-recalc-dims=\"1\" decoding=\"async\" src=\"https:\/\/i0.wp.com\/www.kay-x.net\/bilder\/tagebuch\/bitesnich1.jpg?w=760\"><img data-recalc-dims=\"1\" decoding=\"async\" src=\"https:\/\/i0.wp.com\/www.kay-x.net\/bilder\/tagebuch\/bitesnich2.jpg?w=760\"><img data-recalc-dims=\"1\" decoding=\"async\" src=\"https:\/\/i0.wp.com\/www.kay-x.net\/bilder\/tagebuch\/bitesnich3.jpg?w=760\"><img data-recalc-dims=\"1\" decoding=\"async\" src=\"https:\/\/i0.wp.com\/www.kay-x.net\/bilder\/tagebuch\/bitesnich4.jpg?w=760\"><br \/>\nCopyright by Andreas H. Bitesnich &#8211; Bilder von www.bitesnich.com &#8211; GO BUY!<br \/>\nFeine Sache, oder? Und wenn das Jahr um ist, werden die ausgeschnitten, gerahmt und an die Wand genagelt. Die Bilder.<\/p>\n<div class=\"music\">Aktuell im Ohr: Bee Gees &#8211; Night Fever<\/div>\n","protected":false},"excerpt":{"rendered":"<p>Ich muss nochmals kurz auf Weihnachten zur\u00fcck kommen. Beziehungsweise auf einen fr\u00fcheren Eintrag von mir, wo ich mich beschwert habe, dass die Kalender von FHM und MAXIM f\u00fcr 2003 irgendwie lasch sind. Nun hat sich das eine mir sehr nahestehende Person zu Herzen genommen&#8230;<\/p>\n","protected":false},"author":2,"featured_media":0,"comment_status":"open","ping_status":"closed","sticky":false,"template":"","format":"standard","meta":{"jetpack_post_was_ever_published":false,"footnotes":""},"categories":[1],"tags":[],"class_list":["post-319","post","type-post","status-publish","format-standard","hentry","category-allgemein"],"jetpack_featured_media_url":"","jetpack_shortlink":"https:\/\/wp.me\/pzLdb-59","_links":{"self":[{"href":"https:\/\/www.kay-x.net\/gmwp\/wp-json\/wp\/v2\/posts\/319","targetHints":{"allow":["GET"]}}],"collection":[{"href":"https:\/\/www.kay-x.net\/gmwp\/wp-json\/wp\/v2\/posts"}],"about":[{"href":"https:\/\/www.kay-x.net\/gmwp\/wp-json\/wp\/v2\/types\/post"}],"author":[{"embeddable":true,"href":"https:\/\/www.kay-x.net\/gmwp\/wp-json\/wp\/v2\/users\/2"}],"replies":[{"embeddable":true,"href":"https:\/\/www.kay-x.net\/gmwp\/wp-json\/wp\/v2\/comments?post=319"}],"version-history":[{"count":0,"href":"https:\/\/www.kay-x.net\/gmwp\/wp-json\/wp\/v2\/posts\/319\/revisions"}],"wp:attachment":[{"href":"https:\/\/www.kay-x.net\/gmwp\/wp-json\/wp\/v2\/media?parent=319"}],"wp:term":[{"taxonomy":"category","embeddable":true,"href":"https:\/\/www.kay-x.net\/gmwp\/wp-json\/wp\/v2\/categories?post=319"},{"taxonomy":"post_tag","embeddable":true,"href":"https:\/\/www.kay-x.net\/gmwp\/wp-json\/wp\/v2\/tags?post=319"}],"curies":[{"name":"wp","href":"https:\/\/api.w.org\/{rel}","templated":true}]}}