{"id":123,"date":"2002-08-04T17:44:27","date_gmt":"2002-08-04T15:44:27","guid":{"rendered":"http:\/\/www.kay-x.net\/gmwp\/?p=123"},"modified":"2002-08-04T17:44:27","modified_gmt":"2002-08-04T15:44:27","slug":"kopfgeschichte","status":"publish","type":"post","link":"https:\/\/www.kay-x.net\/gmwp\/2002\/08\/04\/kopfgeschichte\/","title":{"rendered":"Kopfgeschichte"},"content":{"rendered":"<p>Ich kann es ja nicht lassen. Im Hinblick auf die Street Parade n\u00e4chsten Samstag hab ich mir mal wieder eine Haarf\u00e4rbung zugelegt. Wider besseren Wissens nat\u00fcrlich ein Produkt, das ich bisher nicht kannte. So ein Sch\u00e4umedingens, Mousse Coloration von Curl. Farbton Pflaume, passend zu mir. Ich lese zumindest immer die Gebrauchsanweisung um mich vor b\u00f6sen \u00dcberraschungen zu sch\u00fctzen. Bloss weil ich kurze Haare mag, soll&#8217;s ja nicht in einer chemischen Glatze enden. Also raufgesch\u00e4umt und dreissig Minuten einwirken lassen. Nochmal aufsch\u00e4umen und dann auswaschen. In den Spiegel gucken. Erschrecken. Haare waschen. Spiegel gucken. Erschrecken ETWAS runterschrauben. Nun gut, es ist WIEDER passiert: Mehr Farbe auf der Kopfhaut statt in den Haaren, zumindest sieht es so aus. Also wenn ich bis Morgen mit reinigenden Nachkorrekturen nicht noch etwas von dem Geschlirpe wegbekomm, dann gibt&#8217;s einen Tag mit Basecap im B\u00fcro. Immer noch besser als den ganzen Tag von meinen Kollegen bl\u00f6d angemacht zu werden. Die kennen da n\u00e4mlich gar nichts. <\/p>\n<p>Noch was zum Thema Mousse:<\/p>\n<p><a href=\"http:\/\/cgi.dnai.com\/~fillmore\/cgi-bin\/sviewer.pl\" target=\"_blank\"><img data-recalc-dims=\"1\" decoding=\"async\" src=\"https:\/\/i0.wp.com\/www.kay-x.net\/bilder\/tagebuch\/sherm01.gif?w=760\" border=\"0\"><\/a><\/p>\n<div class=\"music\">Aktuell im Ohr: Aurora &#8211; The Day it Rained Forever<\/div>\n","protected":false},"excerpt":{"rendered":"<p>Ich kann es ja nicht lassen. Im Hinblick auf die Street Parade n\u00e4chsten Samstag hab ich mir mal wieder eine Haarf\u00e4rbung zugelegt. Wider besseren Wissens nat\u00fcrlich ein Produkt, das ich bisher nicht kannte. So ein Sch\u00e4umedingens, Mousse Coloration von Curl. Farbton Pflaume, passend zu&#8230;<\/p>\n","protected":false},"author":2,"featured_media":0,"comment_status":"open","ping_status":"closed","sticky":false,"template":"","format":"standard","meta":{"jetpack_post_was_ever_published":false,"footnotes":""},"categories":[1],"tags":[],"class_list":["post-123","post","type-post","status-publish","format-standard","hentry","category-allgemein"],"jetpack_featured_media_url":"","jetpack_shortlink":"https:\/\/wp.me\/pzLdb-1Z","_links":{"self":[{"href":"https:\/\/www.kay-x.net\/gmwp\/wp-json\/wp\/v2\/posts\/123","targetHints":{"allow":["GET"]}}],"collection":[{"href":"https:\/\/www.kay-x.net\/gmwp\/wp-json\/wp\/v2\/posts"}],"about":[{"href":"https:\/\/www.kay-x.net\/gmwp\/wp-json\/wp\/v2\/types\/post"}],"author":[{"embeddable":true,"href":"https:\/\/www.kay-x.net\/gmwp\/wp-json\/wp\/v2\/users\/2"}],"replies":[{"embeddable":true,"href":"https:\/\/www.kay-x.net\/gmwp\/wp-json\/wp\/v2\/comments?post=123"}],"version-history":[{"count":0,"href":"https:\/\/www.kay-x.net\/gmwp\/wp-json\/wp\/v2\/posts\/123\/revisions"}],"wp:attachment":[{"href":"https:\/\/www.kay-x.net\/gmwp\/wp-json\/wp\/v2\/media?parent=123"}],"wp:term":[{"taxonomy":"category","embeddable":true,"href":"https:\/\/www.kay-x.net\/gmwp\/wp-json\/wp\/v2\/categories?post=123"},{"taxonomy":"post_tag","embeddable":true,"href":"https:\/\/www.kay-x.net\/gmwp\/wp-json\/wp\/v2\/tags?post=123"}],"curies":[{"name":"wp","href":"https:\/\/api.w.org\/{rel}","templated":true}]}}